{"id":2225,"date":"2020-10-31T16:02:48","date_gmt":"2020-10-31T16:02:48","guid":{"rendered":"http:\/\/lluviaderosas.com\/santateresita\/?p=2225"},"modified":"2020-10-31T16:05:15","modified_gmt":"2020-10-31T16:05:15","slug":"santa-teresa-del-nino-jesus","status":"publish","type":"post","link":"http:\/\/lluviaderosas.com\/santateresita\/santa-teresa-del-nino-jesus\/","title":{"rendered":"Santa Teresita del Ni\u00f1o Jes\u00fas"},"content":{"rendered":"\n<p>Mar\u00eda Francisca Teresa naci\u00f3 el 2 de Enero de 1873 en Francia. Hija de un relojero y una costurera de Alen\u00e7on. Tuvo una infancia feliz, llena de buenos ejemplos. Teresita era viva e impresionable.<\/p>\n\n\n\n<p>En 1877, cuando Teresita ten\u00eda cuatro a\u00f1os, muri\u00f3 su madre. Su padre vendi\u00f3 su relojer\u00eda y se fue a vivir a Lisieux donde sus hijas estar\u00edan bajo el ciudado de su t\u00eda, la Sra. Guerin, que era una mujer excelente. Santa Teresita era la preferida de su padre. Sus hermanas eran Mar\u00eda, Paulina y Celina. La que dirig\u00eda la casa era Mar\u00eda y Paulina que era la mayor se encargaba de la educaci\u00f3n religiosa de sus hermanas.<\/p>\n\n\n\n<p>Cuando Teresita ten\u00eda 9 a\u00f1os, Paulina ingres\u00f3 al convento de las carmelitas. Desde entonces, Teresita se sinti\u00f3 inclinada a seguirla por ese camino. Era una ni\u00f1a afable y sensible y la religi\u00f3n ocupaba una parte muy importante de su vida.<\/p>\n\n\n\n<p>Cuando Teresita ten\u00eda catorce a\u00f1os, su hermana Mar\u00eda se fue al convento de las carmelitas igual que Paulina. La Navidad de ese a\u00f1o, tuvo la experiencia que ella llam\u00f3 su \u201cconversi\u00f3n\u201d. Dice ella que apenas a una hora de nacido el Ni\u00f1o Jes\u00fas, inund\u00f3 la oscuridad de su alma con r\u00edos de luz. Dec\u00eda que Dios se hab\u00eda hecho d\u00e9bil y peque\u00f1o por amor a ella para hacerla fuerte y valiente.<\/p>\n\n\n\n<p>Al a\u00f1o siguiente, Teresita le pidi\u00f3 permiso a su padre para entrar al convento de las carmelitas y \u00e9l dijo que s\u00ed. Las monjas del convento y el obispo de Bayeux opinaron que era muy joven y que deb\u00eda esperar.<\/p>\n\n\n\n<p>Algunos meses m\u00e1s tarde fueron a Roma en una peregrinaci\u00f3n por el jubileo sacerdotal del Papa Le\u00f3n XIII. Al arrodillarse frenta al Papa para recibir su bendici\u00f3n, rompi\u00f3 el silencio y le pidi\u00f3 si pod\u00eda entrar en el convento a los quince a\u00f1os. El Papa qued\u00f3 impresionado por su aspecto y modales y le dijo que si era la voluntad de Dios as\u00ed ser\u00eda<\/p>\n\n\n\n<p>Teresita rez\u00f3 mucho en todos los santuarios de la peregrinaci\u00f3n y con el apoyo del Papa, logr\u00f3 entrar en el Carmelo en Abril de 1888. Al entrar al convento, la maestra de novicias dijo; \u201c Desde su entrada en la orden, su porte ten\u00eda una dignidad poco com\u00fan de su edad, que sorprendi\u00f3 a todas las religiosas.\u201d Profes\u00f3 como religiosa el 8 de Septiembre de 1890. Su deseo era llegar a la cumbre del monte del amor.<\/p>\n\n\n\n<p>Teresita cumpli\u00f3 con las reglas y deberes de los carmelitas. Oraba con un inmenso fervor por los sacerdotes y los misioneros. Debido a esto, fue nombrada despu\u00e9s de su muerte, con el t\u00edtulo de patrona de las misiones, aunque nunca habia salido de su convento.<\/p>\n\n\n\n<p>En 1893, a los veinte a\u00f1os, la hermana Teresa fue nombrada asistente de la maestra de novicias. Pr\u00e1cticamente ella era la maestra de novicias, aunque no tuviera el t\u00edtulo. Con respecto a esta labor, dec\u00eda ella que hacer el bien sin la ayuda de Dios era tan imposible como hacer que el sol brille a media noche.<\/p>\n\n\n\n<p>Su padre enferm\u00f3 perdiendo el uso de la raz\u00f3n a causa de dos ataques de par\u00e1lisis. Celina, su hermana, se encarg\u00f3 de cuidarlo. Fueron unos a\u00f1o dif\u00edciles para las hijas. Al morir el padre, Celina ingres\u00f3 al convento con sus hermanas.<\/p>\n\n\n\n<p>En este mismo a\u00f1o, Teresita se enferm\u00f3 de tuberculosis, entregando su alma a Dios el 30 de Septiembre de 1897. Fue beatificada en 1923 y canonizada en 1925.<\/p>\n\n\n\n<p>Escribi\u00f3 el libro \u201cHistoria de un alma\u201d que es una autobiograf\u00eda. Escribe frases preciosas como \u00e9stas en ese libro: \u201cPara m\u00ed, orar consiste en elevar el coraz\u00f3n, en levantar los ojos al cielo, en manifestar mi graitud y mi amor lo mismo en el gozo que en la prueba.\u201d<\/p>\n","protected":false},"excerpt":{"rendered":"<p>Mar\u00eda Francisca Teresa naci\u00f3 el 2 de Enero de 1873 en Francia. Hija de un relojero y una costurera de Alen\u00e7on. Tuvo una infancia feliz, llena de buenos ejemplos. <\/p>\n","protected":false},"author":1,"featured_media":0,"comment_status":"open","ping_status":"closed","sticky":false,"template":"","format":"standard","meta":{"footnotes":""},"categories":[200],"tags":[],"class_list":["post-2225","post","type-post","status-publish","format-standard","hentry","category-su-vida"],"_links":{"self":[{"href":"http:\/\/lluviaderosas.com\/santateresita\/wp-json\/wp\/v2\/posts\/2225","targetHints":{"allow":["GET"]}}],"collection":[{"href":"http:\/\/lluviaderosas.com\/santateresita\/wp-json\/wp\/v2\/posts"}],"about":[{"href":"http:\/\/lluviaderosas.com\/santateresita\/wp-json\/wp\/v2\/types\/post"}],"author":[{"embeddable":true,"href":"http:\/\/lluviaderosas.com\/santateresita\/wp-json\/wp\/v2\/users\/1"}],"replies":[{"embeddable":true,"href":"http:\/\/lluviaderosas.com\/santateresita\/wp-json\/wp\/v2\/comments?post=2225"}],"version-history":[{"count":3,"href":"http:\/\/lluviaderosas.com\/santateresita\/wp-json\/wp\/v2\/posts\/2225\/revisions"}],"predecessor-version":[{"id":2228,"href":"http:\/\/lluviaderosas.com\/santateresita\/wp-json\/wp\/v2\/posts\/2225\/revisions\/2228"}],"wp:attachment":[{"href":"http:\/\/lluviaderosas.com\/santateresita\/wp-json\/wp\/v2\/media?parent=2225"}],"wp:term":[{"taxonomy":"category","embeddable":true,"href":"http:\/\/lluviaderosas.com\/santateresita\/wp-json\/wp\/v2\/categories?post=2225"},{"taxonomy":"post_tag","embeddable":true,"href":"http:\/\/lluviaderosas.com\/santateresita\/wp-json\/wp\/v2\/tags?post=2225"}],"curies":[{"name":"wp","href":"https:\/\/api.w.org\/{rel}","templated":true}]}}