{"id":2327,"date":"2021-07-12T00:48:49","date_gmt":"2021-07-12T00:48:49","guid":{"rendered":"http:\/\/lluviaderosas.com\/santateresita\/?p=2327"},"modified":"2021-07-12T01:45:35","modified_gmt":"2021-07-12T01:45:35","slug":"el-carmelo","status":"publish","type":"post","link":"http:\/\/lluviaderosas.com\/santateresita\/el-carmelo\/","title":{"rendered":"El Carmelo"},"content":{"rendered":"\n<p>ORIGENES DE LA ORDEN DEL CARMELO<\/p>\n\n\n\n<p>En el monte Carmelo, en Tierra Santa, cerca de la actual Jaifa, se encuentran unas grutas donde vivieron antiguos eremitas seg\u00fan la tradici\u00f3n espiritual del profeta El\u00edas.<\/p>\n\n\n\n<p>En el siglo XIII, algunos eremitas se agruparon como \u00abhermanos de la Virgen Mar\u00eda \u00bb bajo una regla com\u00fan: hab\u00eda nacido la orden del Carmelo.<\/p>\n\n\n\n<p>En Espa\u00f1a, en el siglo XVI, Teresa de \u00c1vila y S. Juan de la Cruz la reformaron simplific\u00e1ndola y orient\u00e1ndola a la oraci\u00f3n contemplativa, al trabajo en la soledad de una clausura estricta y a la vida fraternal: peque\u00f1os \u00abdesiertos\u00bb que rezan por la salvaci\u00f3n del mundo.<\/p>\n\n\n\n<div class=\"wp-block-image\"><figure class=\"aligncenter size-large\"><img loading=\"lazy\" decoding=\"async\" width=\"367\" height=\"232\" src=\"http:\/\/lluviaderosas.com\/santateresita\/wp-content\/uploads\/2021\/07\/cloitre.jpg\" alt=\"\" class=\"wp-image-2330\" srcset=\"http:\/\/lluviaderosas.com\/santateresita\/wp-content\/uploads\/2021\/07\/cloitre.jpg 367w, http:\/\/lluviaderosas.com\/santateresita\/wp-content\/uploads\/2021\/07\/cloitre-300x190.jpg 300w\" sizes=\"auto, (max-width: 367px) 100vw, 367px\" \/><figcaption>EL CARMELO DE LISIEUX<\/figcaption><\/figure><\/div>\n\n\n\n<p>El carmelo de Lisieux fue fundado en 1838. Cuando Teresa Martin entr\u00f3 en \u00e9l, el 9 de abril de 1888, hab\u00eda 27 religiosas. La edad media era de 47 a\u00f1os.Las carmelitas, en aquel tiempo, ten\u00edan 6h30 diarias de oraci\u00f3n, de las cuales dos horas eran de meditaci\u00f3n.<br>Trabajaban para ganarse el pan , aunque pobremente .<br>Ten\u00edan tambi\u00e9n 2h00 de recreaci\u00f3n en com\u00fan. Los ayunos eran muy severos.<br>Se levantaban a las 5h45, incluso en invierno y se acostaban hacia las 11h de la noche.<\/p>\n\n\n\n<p><em>Un Carmelo misionero<\/em><\/p>\n\n\n\n<p>El Carmelo en el que entr\u00f3 la futura \u00abPatrona de las Misiones \u00abera un carmelo aut\u00e9nticamente misionero. Hab\u00eda fundado en Saig\u00f3n, el 1861, el primer Carmelo de Extremo Oriente. La semilla que parti\u00f3 de Lisieux lleg\u00f3 a ser muy fecunda ya que m\u00faltiples Carmelos germinaron pronto en Extremo Oriente.<\/p>\n\n\n\n<p>De Saig\u00f3n salieron las siguientes fundaciones: Hanoi, Pnon-penh, Camboya, y de estos, sucesivamente: Hu\u00e9 (Am\u00e1n), Bui-Chu (Tonk\u00edn), Ilo-Llo (Filipinas), Bang-Kog (Siam), Manila (Filipinas), Thanh-Hoa (Tonk\u00edn), Yunnan-Pu (China) y Singapur (Malasia).<\/p>\n\n\n\n<p>En esta atm\u00f3sfera misionera Terea vive su vida religiosa. Si no hubiese ca\u00eddo enferma en 1896, ciertamente hubiera partido para el carmelo de Tonk\u00edn.<\/p>\n\n\n\n<div class=\"wp-block-image\"><figure class=\"aligncenter\"><img decoding=\"async\" src=\"http:\/\/lluviaderosas.com\/teresita\/lugares_teresianos\/images\/vocation.JPG\" alt=\"\"\/><\/figure><\/div>\n\n\n\n<p>Teresa entr\u00f3 en el Carmelo de Lisieux, que fue para ella \u00bb el desierto donde Dios quer\u00eda que se ocultara\u00bb,\u00bbpara salvar almas y sobre todo para rezar por los sacerdotes\u00bb.<\/p>\n\n\n\n<p><em>La Capilla del Carmelo<\/em><\/p>\n\n\n\n<div class=\"wp-block-image\"><figure class=\"alignleft size-large\"><img loading=\"lazy\" decoding=\"async\" width=\"163\" height=\"250\" src=\"http:\/\/lluviaderosas.com\/santateresita\/wp-content\/uploads\/2021\/07\/capilla.jpg\" alt=\"\" class=\"wp-image-2331\"\/><\/figure><\/div>\n\n\n\n<p>Franqueando el umbral de la capilla del Carmelo, el peregrino se encuentra en comuni\u00f3n con Teresa, que vivi\u00f3 aqu\u00ed del 9 de abril de 1888 al 30 de septiembre de 1897. Puede unirse tambi\u00e9n a la oraci\u00f3n de la comunidad de Carmelitas que hoy d\u00eda tiene, como Teresa ,una vocaci\u00f3n estrictamente contemplativa y est\u00e1 abierta, como ella , a los inmensos horizontes misioneros de la Iglesia.<\/p>\n\n\n\n<p>La capilla est\u00e1 tal y como la conoci\u00f3 Teresa aunque, en el transcurso de los a\u00f1os, ha experimentado modificaciones. En 1923 se agreg\u00f3 la Capilla de las Reliquias a la nave lateral.<\/p>\n\n\n\n<p><\/p>\n\n\n\n<div class=\"wp-block-image\"><figure class=\"alignright size-large is-resized\"><img loading=\"lazy\" decoding=\"async\" src=\"http:\/\/lluviaderosas.com\/santateresita\/wp-content\/uploads\/2021\/07\/urna.jpg\" alt=\"\" class=\"wp-image-2332\" width=\"172\" height=\"196\"\/><\/figure><\/div>\n\n\n\n<p class=\"has-text-align-left\">En la capilla de la Urna, el peregrino puede venerar los restos de la Santa. La estatua yacente que representa a Teresa en su lecho de muerte, contiene algunos huesos de Santa Teresita, pero la casi totalidad de sus reliquias se encuentra en un cofre colocado debajo de la Urna. Cada a\u00f1o, el \u00faltimo domingo de septiembre, se llevan sus reliquias en procesi\u00f3n por la ciudad. Encima de la Urna est\u00e1 colocada la estatua de la Virgen de la Sonrisa, la misma que, el 13 de mayo de 1883, en los Buissonnets, devolvi\u00f3 la salud a Teresita con \u00absu encantadora sonrisa\u00bb.<\/p>\n\n\n\n<div style=\"height:17px\" aria-hidden=\"true\" class=\"wp-block-spacer\"><\/div>\n\n\n\n<p>Fuera , en el patio, a la izquierda mirando a la Capilla, se encuentra la\u00a0<em>Sala de las Reliquias<\/em>\u00a0que contiene diversos objetos que pertenecieron a la Santa .\u00a0\u00a0\u00a0\u00a0\u00a0<\/p>\n\n\n\n<div class=\"wp-block-image\"><figure class=\"alignleft\"><img decoding=\"async\" src=\"http:\/\/lluviaderosas.com\/teresita\/lugares_teresianos\/images\/souvenir001.jpg\" alt=\"\"\/><\/figure><\/div>\n\n\n\n<div class=\"wp-block-image\"><figure class=\"alignleft\"><img decoding=\"async\" src=\"http:\/\/lluviaderosas.com\/teresita\/lugares_teresianos\/images\/souvenir002.jpg\" alt=\"\"\/><\/figure><\/div>\n\n\n\n<div class=\"wp-block-image\"><figure class=\"alignleft\"><img decoding=\"async\" src=\"http:\/\/lluviaderosas.com\/teresita\/lugares_teresianos\/images\/souvenir003.jpg\" alt=\"\"\/><\/figure><\/div>\n\n\n\n<p><\/p>\n\n\n\n<p><\/p>\n","protected":false},"excerpt":{"rendered":"<p>El Carmelo en el que entr\u00f3 la futura \u00abPatrona de las Misiones \u00abera un Carmelo aut\u00e9nticamente misionero. <\/p>\n","protected":false},"author":1,"featured_media":2340,"comment_status":"closed","ping_status":"closed","sticky":false,"template":"template-fullwidth.php","format":"standard","meta":{"footnotes":""},"categories":[196],"tags":[],"class_list":["post-2327","post","type-post","status-publish","format-standard","has-post-thumbnail","hentry","category-lugares-teresianos"],"_links":{"self":[{"href":"http:\/\/lluviaderosas.com\/santateresita\/wp-json\/wp\/v2\/posts\/2327","targetHints":{"allow":["GET"]}}],"collection":[{"href":"http:\/\/lluviaderosas.com\/santateresita\/wp-json\/wp\/v2\/posts"}],"about":[{"href":"http:\/\/lluviaderosas.com\/santateresita\/wp-json\/wp\/v2\/types\/post"}],"author":[{"embeddable":true,"href":"http:\/\/lluviaderosas.com\/santateresita\/wp-json\/wp\/v2\/users\/1"}],"replies":[{"embeddable":true,"href":"http:\/\/lluviaderosas.com\/santateresita\/wp-json\/wp\/v2\/comments?post=2327"}],"version-history":[{"count":4,"href":"http:\/\/lluviaderosas.com\/santateresita\/wp-json\/wp\/v2\/posts\/2327\/revisions"}],"predecessor-version":[{"id":2338,"href":"http:\/\/lluviaderosas.com\/santateresita\/wp-json\/wp\/v2\/posts\/2327\/revisions\/2338"}],"wp:featuredmedia":[{"embeddable":true,"href":"http:\/\/lluviaderosas.com\/santateresita\/wp-json\/wp\/v2\/media\/2340"}],"wp:attachment":[{"href":"http:\/\/lluviaderosas.com\/santateresita\/wp-json\/wp\/v2\/media?parent=2327"}],"wp:term":[{"taxonomy":"category","embeddable":true,"href":"http:\/\/lluviaderosas.com\/santateresita\/wp-json\/wp\/v2\/categories?post=2327"},{"taxonomy":"post_tag","embeddable":true,"href":"http:\/\/lluviaderosas.com\/santateresita\/wp-json\/wp\/v2\/tags?post=2327"}],"curies":[{"name":"wp","href":"https:\/\/api.w.org\/{rel}","templated":true}]}}